{"id":430,"date":"2015-08-19T17:28:23","date_gmt":"2015-08-19T16:28:23","guid":{"rendered":"http:\/\/www.chagallsansm.fr\/?p=430"},"modified":"2023-02-13T15:04:38","modified_gmt":"2023-02-13T14:04:38","slug":"making-up-2","status":"publish","type":"post","link":"https:\/\/www.chagallsansm.fr\/index.php\/2015\/08\/19\/making-up-2\/","title":{"rendered":"Making up"},"content":{"rendered":"<h4 style=\"text-align: left;\">Installation Vid\u00e9o dans la cadre du projet\u00a0<span style=\"color: #006766;\"><strong><em><a style=\"color: #006766;\" href=\"http:\/\/www.chagallsansm.fr\/index.php\/2015\/08\/19\/la-femme-qui-marchait-dans-les-portes-projet-2010-2013\/\">La femme qui marchait dans les portes<\/a><\/em><\/strong><\/span><\/h4>\n<p style=\"text-align: center;\"><iframe loading=\"lazy\" src=\"http:\/\/www.dailymotion.com\/embed\/video\/kOszfpOacelTG72h87l\" width=\"580\" height=\"370\" frameborder=\"0\" allowfullscreen=\"allowfullscreen\"><\/iframe><\/p>\n<p><span style=\"text-decoration: underline;\"><strong>Un film de Claire Engel et Laurent Rojol<\/strong><\/span><\/p>\n<p><span style=\"color: #006766;\"><strong>Cr\u00e9ation 2010, 1er volet du cycle de cr\u00e9ation &#8211; Projet <span style=\"color: #006766;\"><em><a style=\"color: #006766;\" href=\"http:\/\/www.chagallsansm.fr\/index.php\/2015\/06\/23\/la-femme-qui-marchait-dans-les-portes-projet-2010-2013\/\">La femme qui marchait dans les portes<\/a><\/em><\/span><\/strong><\/span><\/p>\n<p style=\"text-align: justify;\"><span style=\"color: #006766;\"><strong>Coproduction<\/strong>\u00a0<\/span>: Festival Hybrides \/ Avec le soutien de la DRAC Languedoc-Roussillon<br \/>\n<span style=\"color: #006766;\"><strong>Dur\u00e9e\u00a0<\/strong><\/span>: 25 min.<br \/>\n<span style=\"color: #006766;\"><strong>Dispositif <span style=\"color: #006766;\">sc\u00e9nographique<\/span><\/strong><\/span> permettant d&rsquo;accueillir 15 personnes par projection.<\/p>\n<p>Le film traite des \u00e9motions paradoxales cohabitant au sein d&rsquo;une victime.<\/p>\n<p style=\"text-align: justify;\">La structure l\u00e9g\u00e8re de Making up permet de d\u00e9placer l&rsquo;installation dans diff\u00e9rents types de lieux &#8211;\u00a0administrations, mus\u00e9es, m\u00e9diath\u00e8ques&#8230; -, ind\u00e9pendamment du spectacle, pour toucher un large public.<br \/>\nCet objet artistique peut devenir un v\u00e9ritable outil de sensibilisation, accompagn\u00e9 par le travail des associations du r\u00e9seau local de lutte contre les violences intra-familiales (accueil du public dans un lieu de parole, distribution de tracts, rencontres).<\/p>\n<p style=\"text-align: justify;\">Cette installation traite de la relation de la femme \u00e0\u00a0son corps et ses \u00e9motions, sans passer par le verbe. Nous mettons en perspective son combat int\u00e9rieur : ses contradictions, ses impasses. Le public entre et sort de l&rsquo;installation par les portes d&rsquo;une petite bo\u00eete blanche plac\u00e9e dans un espace plus grand. Ces portes deviennent l&rsquo;\u00e9cran sur lequel est projet\u00e9 notre film.<\/p>\n<p style=\"text-align: justify;\"><em><strong>Making up<\/strong><\/em> et <em><strong><a href=\"http:\/\/www.chagallsansm.fr\/index.php\/2015\/06\/01\/la-femme-qui\/\">La femme qui<\/a><\/strong><\/em>\u00a0(cr\u00e9ation 2012) fonctionnent en diptyque. L&rsquo;id\u00e9al est de pouvoir proposer l&rsquo;installation au public en relation aux repr\u00e9sentations.<br \/>\nLe film peut \u00eatre diffus\u00e9 seul, sans l&rsquo;installation, en lyc\u00e9e par exemple, et donner lieu \u00e0\u00a0des rencontres-d\u00e9bats sur le th\u00e8me des violences conjugales.<\/p>\n<p><span style=\"color: #006766;\"><a style=\"color: #006766;\" href=\"http:\/\/www.chagallsansm.fr\/index.php\/2016\/10\/10\/la-femme-qui-rdced\/\" target=\"_blank\" rel=\"noopener\"><strong><em><em>L<\/em><em>a femme qui Rdced<\/em> <\/em><\/strong><\/a><\/span>est l&rsquo;entr\u00e9e en r\u00e9sonance du film<em> <em>Making up\u00a0<\/em><\/em>dans son installation (cr\u00e9\u00e9\u00a0en 2010) et du monologue final du spectacle (cr\u00e9\u00e9 en 2012).<\/p>\n<p style=\"text-align: right;\"><em><a href=\"http:\/\/www.chagallsansm.fr\/\">&gt;&gt; Page d&rsquo;accueil<\/a><\/em><\/p>\n","protected":false},"excerpt":{"rendered":"<p>Installation Vid\u00e9o dans la cadre du projet\u00a0La femme qui marchait dans les portes Un film de Claire Engel et Laurent Rojol Cr\u00e9ation 2010, 1er volet du cycle de cr\u00e9ation &#8211; Projet La femme qui marchait dans les portes Coproduction\u00a0: Festival Hybrides \/ Avec le soutien de la DRAC Languedoc-Roussillon Dur\u00e9e\u00a0: 25 min. Dispositif sc\u00e9nographique permettant [&hellip;]<\/p>\n","protected":false},"author":1,"featured_media":404,"comment_status":"closed","ping_status":"closed","sticky":false,"template":"","format":"standard","meta":{"ngg_post_thumbnail":0,"footnotes":""},"categories":[3],"tags":[],"aioseo_notices":[],"_links":{"self":[{"href":"https:\/\/www.chagallsansm.fr\/index.php\/wp-json\/wp\/v2\/posts\/430"}],"collection":[{"href":"https:\/\/www.chagallsansm.fr\/index.php\/wp-json\/wp\/v2\/posts"}],"about":[{"href":"https:\/\/www.chagallsansm.fr\/index.php\/wp-json\/wp\/v2\/types\/post"}],"author":[{"embeddable":true,"href":"https:\/\/www.chagallsansm.fr\/index.php\/wp-json\/wp\/v2\/users\/1"}],"replies":[{"embeddable":true,"href":"https:\/\/www.chagallsansm.fr\/index.php\/wp-json\/wp\/v2\/comments?post=430"}],"version-history":[{"count":6,"href":"https:\/\/www.chagallsansm.fr\/index.php\/wp-json\/wp\/v2\/posts\/430\/revisions"}],"predecessor-version":[{"id":1247,"href":"https:\/\/www.chagallsansm.fr\/index.php\/wp-json\/wp\/v2\/posts\/430\/revisions\/1247"}],"wp:featuredmedia":[{"embeddable":true,"href":"https:\/\/www.chagallsansm.fr\/index.php\/wp-json\/wp\/v2\/media\/404"}],"wp:attachment":[{"href":"https:\/\/www.chagallsansm.fr\/index.php\/wp-json\/wp\/v2\/media?parent=430"}],"wp:term":[{"taxonomy":"category","embeddable":true,"href":"https:\/\/www.chagallsansm.fr\/index.php\/wp-json\/wp\/v2\/categories?post=430"},{"taxonomy":"post_tag","embeddable":true,"href":"https:\/\/www.chagallsansm.fr\/index.php\/wp-json\/wp\/v2\/tags?post=430"}],"curies":[{"name":"wp","href":"https:\/\/api.w.org\/{rel}","templated":true}]}}